{"id":3005,"date":"2017-02-10T20:01:23","date_gmt":"2017-02-10T19:01:23","guid":{"rendered":"http:\/\/eg.sicilia.agesci.it\/?p=3005"},"modified":"2025-02-14T11:29:43","modified_gmt":"2025-02-14T10:29:43","slug":"il-risveglio-della-competenza-le-imprese-nautiche","status":"publish","type":"post","link":"https:\/\/sicilia.agesci.it\/brancaeg\/il-risveglio-della-competenza-le-imprese-nautiche\/","title":{"rendered":"Il risveglio della Competenza &#8211; le imprese Nautiche"},"content":{"rendered":"<p>Molla gli ormeggi e salpa per nuove <strong><span style=\"font-size: 16pt;color: #00b050\">Avventure<\/span><\/strong>!<br \/>\nLe <strong><span style=\"font-size: 16pt;color: #00b050\">squadriglie<\/span><\/strong> che, nell&#8217;abito de &#8220;<strong><span style=\"font-size: 16pt;color: #00b050\">Il risveglio della competenza<\/span><\/strong>&#8221; si cimentano in <strong><span style=\"font-size: 16pt;color: #00b050\">imprese <\/span><\/strong>svolte in ambiente acqua, potranno essere <strong><span style=\"font-size: 16pt;color: #00b050\">scelte<\/span><\/strong> per vivere una fantastica <strong><span style=\"font-size: 16pt;color: #00b050\">esperienza<\/span><\/strong> di navigazione a bordo del veliero Palinuro, nave scuola della Marina Militare Italiana.<br \/>\nTra tutte le imprese realizzate in <strong><span style=\"font-size: 16pt;color: #00b050\">ambiente acqua<\/span><\/strong>, saranno selezionate le migliori e individuate quindi le Squadriglie vincitrici!<br \/>\nLa selezione terr\u00e0 conto di ci\u00f2 che si \u00e8 realizzato, ma anche ovviamente di come si \u00e8 lavorato: in particolare che l&#8217;impresa abbia dato spazio alle competenze individuali e abbia consentito la conquista di <strong><span style=\"font-size: 16pt;color: #00b050\">specialit\u00e0 <\/span><\/strong>e <strong><span style=\"font-size: 16pt;color: #00b050\">brevetti<\/span><\/strong>.<\/p>\n<p>Puoi trovare tutte le informazioni per partecipare al percorso Il risveglio della competenza al link:<br \/>\n<a href=\"http:\/\/www.ilrisvegliodellacompetenza.it\/\">http:\/\/www.ilrisvegliodellacompetenza.it\/\/<\/a><\/p>\n<p>Scaricate la locandina e il libretto per i capi squadriglia.<\/p>\n<p>Buona Caccia e Buona Rotta<br \/>\n<em>Tiziana, Daniele e don Salvo<\/em><br \/>\nIIRR e A.E. Branca E\/G<br \/>\n<em>Marilinda<br \/>\n<\/em>IR Settore Nautico<\/p>\n<p>&nbsp;<\/p>\n<p><a href=\"http:\/\/sicilia.agesci.it\/brancaeg\/wp-content\/uploads\/sites\/3\/2017\/02\/Locandina.pdf\">Scarica la Locandina<\/a><br \/>\n<a href=\"http:\/\/sicilia.agesci.it\/brancaeg\/wp-content\/uploads\/sites\/3\/2017\/02\/Unimpresa-bagnata.pdf\">Scarica il libretto per i capi squadriglia<\/a><\/p>\n","protected":false},"excerpt":{"rendered":"<p>Molla gli ormeggi e salpa per nuove Avventure! Le squadriglie che, nell&#8217;abito de &#8220;Il risveglio della competenza&#8221; si cimentano in imprese svolte in ambiente acqua, potranno essere scelte per vivere [&hellip;]<\/p>\n","protected":false},"author":8,"featured_media":3009,"comment_status":"closed","ping_status":"open","sticky":false,"template":"","format":"standard","meta":{"ngg_post_thumbnail":0,"footnotes":""},"categories":[43,48,62,126],"tags":[24,355,682],"class_list":["post-3005","post","type-post","status-publish","format-standard","has-post-thumbnail","hentry","category-branca-eg","category-capi-eg","category-eg","category-nautico","tag-capi","tag-esploratori-e-guide","tag-nautici"],"jetpack_featured_media_url":"https:\/\/sicilia.agesci.it\/brancaeg\/wp-content\/uploads\/sites\/3\/2017\/02\/Locandina.jpg","_links":{"self":[{"href":"https:\/\/sicilia.agesci.it\/brancaeg\/wp-json\/wp\/v2\/posts\/3005","targetHints":{"allow":["GET"]}}],"collection":[{"href":"https:\/\/sicilia.agesci.it\/brancaeg\/wp-json\/wp\/v2\/posts"}],"about":[{"href":"https:\/\/sicilia.agesci.it\/brancaeg\/wp-json\/wp\/v2\/types\/post"}],"author":[{"embeddable":true,"href":"https:\/\/sicilia.agesci.it\/brancaeg\/wp-json\/wp\/v2\/users\/8"}],"replies":[{"embeddable":true,"href":"https:\/\/sicilia.agesci.it\/brancaeg\/wp-json\/wp\/v2\/comments?post=3005"}],"version-history":[{"count":29,"href":"https:\/\/sicilia.agesci.it\/brancaeg\/wp-json\/wp\/v2\/posts\/3005\/revisions"}],"predecessor-version":[{"id":3042,"href":"https:\/\/sicilia.agesci.it\/brancaeg\/wp-json\/wp\/v2\/posts\/3005\/revisions\/3042"}],"wp:featuredmedia":[{"embeddable":true,"href":"https:\/\/sicilia.agesci.it\/brancaeg\/wp-json\/wp\/v2\/media\/3009"}],"wp:attachment":[{"href":"https:\/\/sicilia.agesci.it\/brancaeg\/wp-json\/wp\/v2\/media?parent=3005"}],"wp:term":[{"taxonomy":"category","embeddable":true,"href":"https:\/\/sicilia.agesci.it\/brancaeg\/wp-json\/wp\/v2\/categories?post=3005"},{"taxonomy":"post_tag","embeddable":true,"href":"https:\/\/sicilia.agesci.it\/brancaeg\/wp-json\/wp\/v2\/tags?post=3005"}],"curies":[{"name":"wp","href":"https:\/\/api.w.org\/{rel}","templated":true}]}}